{"id":15960,"date":"2023-05-15T14:26:17","date_gmt":"2023-05-15T14:26:17","guid":{"rendered":"https:\/\/agri-smart.eu\/journee-dinformation-agrismart-innovela-belgique\/"},"modified":"2023-05-16T11:49:50","modified_gmt":"2023-05-16T11:49:50","slug":"journee-dinformation-agrismart-innovela-belgique","status":"publish","type":"post","link":"https:\/\/agri-smart.eu\/fr\/journee-dinformation-agrismart-innovela-belgique\/","title":{"rendered":"Journ\u00e9e d&rsquo;information Agrismart Innovela, Belgique"},"content":{"rendered":"\n<p>La journ\u00e9e d&rsquo;information virtuelle organis\u00e9e par INNOVELA, le partenaire belge, le 21 avril 2023, a rassembl\u00e9 des participants de diverses cat\u00e9gories d&rsquo;acteurs, notamment des agriculteurs, des consultants, des enseignants d&rsquo;instituts et d&rsquo;\u00e9coles agricoles et des \u00e9ducateurs. L&rsquo;\u00e9v\u00e9nement a d\u00e9but\u00e9 par un accueil chaleureux de la directrice g\u00e9n\u00e9rale d&rsquo;INNOVELA, Athina Katsanou, suivi de pr\u00e9sentations informatives de George Dimitriadis, Pieter Pypers et Nick Pannecoucque. Les participants ont soulign\u00e9 l&rsquo;importance de s&rsquo;adresser aux apprenants et aux \u00e9tudiants en utilisant les MOOC pour am\u00e9liorer leurs comp\u00e9tences avant d&rsquo;entrer sur le march\u00e9 du travail. L&rsquo;\u00e9v\u00e9nement a \u00e9galement mis en \u00e9vidence le besoin de comp\u00e9tences num\u00e9riques dans le secteur agricole et la mise en \u0153uvre de nouvelles m\u00e9thodes dans un secteur traditionnel de l&rsquo;\u00e9conomie europ\u00e9enne. Les \u00e9ducateurs de diff\u00e9rentes institutions dans le domaine de l&rsquo;agriculture ont \u00e9t\u00e9 invit\u00e9s \u00e0 partager leurs contributions et leurs points de vue afin d&rsquo;accro\u00eetre l&rsquo;impact des r\u00e9sultats d&rsquo;AgriSmart. Dans l&rsquo;ensemble, l&rsquo;InfoDay s&rsquo;est av\u00e9r\u00e9 \u00eatre une excellente plateforme pour les experts des diff\u00e9rents domaines de la science agricole et de l&rsquo;EFP, qui ont pu se r\u00e9unir et partager leurs connaissances et leurs exp\u00e9riences.     <\/p>\n","protected":false},"excerpt":{"rendered":"<p>La journ\u00e9e d&rsquo;information virtuelle organis\u00e9e par INNOVELA, le partenaire belge, le 21 avril 2023, a rassembl\u00e9 des participants de diverses cat\u00e9gories d&rsquo;acteurs, notamment des agriculteurs, des consultants, des enseignants d&rsquo;instituts et d&rsquo;\u00e9coles agricoles et des \u00e9ducateurs. L&rsquo;\u00e9v\u00e9nement a d\u00e9but\u00e9 par un accueil chaleureux de la directrice g\u00e9n\u00e9rale d&rsquo;INNOVELA, Athina Katsanou, suivi de pr\u00e9sentations informatives de &hellip; <\/p>\n<p class=\"link-more\"><a href=\"https:\/\/agri-smart.eu\/fr\/journee-dinformation-agrismart-innovela-belgique\/\" class=\"more-link\">Lire la suite de<span class=\"screen-reader-text\">\u00ab\u00a0Journ\u00e9e d&rsquo;information Agrismart Innovela, Belgique\u00a0\u00bb<\/span><\/a><\/p>\n","protected":false},"author":1,"featured_media":15825,"comment_status":"closed","ping_status":"closed","sticky":false,"template":"","format":"standard","meta":{"footnotes":""},"categories":[6],"tags":[],"class_list":["post-15960","post","type-post","status-publish","format-standard","has-post-thumbnail","hentry","category-non-classifiee"],"yoast_head":"<!-- This site is optimized with the Yoast SEO plugin v27.5 - https:\/\/yoast.com\/product\/yoast-seo-wordpress\/ -->\n<title>Journ\u00e9e d&#039;information Agrismart Innovela, Belgique - Agrismart project<\/title>\n<meta name=\"robots\" content=\"index, follow, max-snippet:-1, max-image-preview:large, max-video-preview:-1\" \/>\n<link rel=\"canonical\" href=\"https:\/\/agri-smart.eu\/fr\/journee-dinformation-agrismart-innovela-belgique\/\" \/>\n<meta property=\"og:locale\" content=\"fr_FR\" \/>\n<meta property=\"og:type\" content=\"article\" \/>\n<meta property=\"og:title\" content=\"Journ\u00e9e d&#039;information Agrismart Innovela, Belgique - Agrismart project\" \/>\n<meta property=\"og:description\" content=\"La journ\u00e9e d&rsquo;information virtuelle organis\u00e9e par INNOVELA, le partenaire belge, le 21 avril 2023, a rassembl\u00e9 des participants de diverses cat\u00e9gories d&rsquo;acteurs, notamment des agriculteurs, des consultants, des enseignants d&rsquo;instituts et d&rsquo;\u00e9coles agricoles et des \u00e9ducateurs. L&rsquo;\u00e9v\u00e9nement a d\u00e9but\u00e9 par un accueil chaleureux de la directrice g\u00e9n\u00e9rale d&rsquo;INNOVELA, Athina Katsanou, suivi de pr\u00e9sentations informatives de &hellip; Lire la suite de\u00ab\u00a0Journ\u00e9e d&rsquo;information Agrismart Innovela, Belgique\u00a0\u00bb\" \/>\n<meta property=\"og:url\" content=\"https:\/\/agri-smart.eu\/fr\/journee-dinformation-agrismart-innovela-belgique\/\" \/>\n<meta property=\"og:site_name\" content=\"Agrismart project\" \/>\n<meta property=\"article:publisher\" content=\"https:\/\/www.facebook.com\/AgriSmartErasmus\" \/>\n<meta property=\"article:published_time\" content=\"2023-05-15T14:26:17+00:00\" \/>\n<meta property=\"article:modified_time\" content=\"2023-05-16T11:49:50+00:00\" \/>\n<meta property=\"og:image\" content=\"https:\/\/agri-smart.eu\/wp-content\/uploads\/2023\/05\/AGRISMART-INFO-DAY-BELGIUM-6.png\" \/>\n\t<meta property=\"og:image:width\" content=\"1463\" \/>\n\t<meta property=\"og:image:height\" content=\"489\" \/>\n\t<meta property=\"og:image:type\" content=\"image\/png\" \/>\n<meta name=\"author\" content=\"Agrismart\" \/>\n<meta name=\"twitter:card\" content=\"summary_large_image\" \/>\n<meta name=\"twitter:creator\" content=\"@AgrismartEu\" \/>\n<meta name=\"twitter:site\" content=\"@AgrismartEu\" \/>\n<meta name=\"twitter:label1\" content=\"\u00c9crit par\" \/>\n\t<meta name=\"twitter:data1\" content=\"Agrismart\" \/>\n\t<meta name=\"twitter:label2\" content=\"Dur\u00e9e de lecture estim\u00e9e\" \/>\n\t<meta name=\"twitter:data2\" content=\"1 minute\" \/>\n<script type=\"application\/ld+json\" class=\"yoast-schema-graph\">{\"@context\":\"https:\\\/\\\/schema.org\",\"@graph\":[{\"@type\":\"Article\",\"@id\":\"https:\\\/\\\/agri-smart.eu\\\/fr\\\/journee-dinformation-agrismart-innovela-belgique\\\/#article\",\"isPartOf\":{\"@id\":\"https:\\\/\\\/agri-smart.eu\\\/fr\\\/journee-dinformation-agrismart-innovela-belgique\\\/\"},\"author\":{\"name\":\"Agrismart\",\"@id\":\"https:\\\/\\\/agri-smart.eu\\\/fr\\\/#\\\/schema\\\/person\\\/da71ecb996b5bab376cce217c28e1b06\"},\"headline\":\"Journ\u00e9e d&rsquo;information Agrismart Innovela, Belgique\",\"datePublished\":\"2023-05-15T14:26:17+00:00\",\"dateModified\":\"2023-05-16T11:49:50+00:00\",\"mainEntityOfPage\":{\"@id\":\"https:\\\/\\\/agri-smart.eu\\\/fr\\\/journee-dinformation-agrismart-innovela-belgique\\\/\"},\"wordCount\":227,\"publisher\":{\"@id\":\"https:\\\/\\\/agri-smart.eu\\\/fr\\\/#organization\"},\"image\":{\"@id\":\"https:\\\/\\\/agri-smart.eu\\\/fr\\\/journee-dinformation-agrismart-innovela-belgique\\\/#primaryimage\"},\"thumbnailUrl\":\"https:\\\/\\\/agri-smart.eu\\\/wp-content\\\/uploads\\\/2023\\\/05\\\/AGRISMART-INFO-DAY-BELGIUM-6.png\",\"articleSection\":[\"Non classifi\u00e9(e)\"],\"inLanguage\":\"fr-FR\"},{\"@type\":\"WebPage\",\"@id\":\"https:\\\/\\\/agri-smart.eu\\\/fr\\\/journee-dinformation-agrismart-innovela-belgique\\\/\",\"url\":\"https:\\\/\\\/agri-smart.eu\\\/fr\\\/journee-dinformation-agrismart-innovela-belgique\\\/\",\"name\":\"Journ\u00e9e d'information Agrismart Innovela, Belgique - Agrismart project\",\"isPartOf\":{\"@id\":\"https:\\\/\\\/agri-smart.eu\\\/fr\\\/#website\"},\"primaryImageOfPage\":{\"@id\":\"https:\\\/\\\/agri-smart.eu\\\/fr\\\/journee-dinformation-agrismart-innovela-belgique\\\/#primaryimage\"},\"image\":{\"@id\":\"https:\\\/\\\/agri-smart.eu\\\/fr\\\/journee-dinformation-agrismart-innovela-belgique\\\/#primaryimage\"},\"thumbnailUrl\":\"https:\\\/\\\/agri-smart.eu\\\/wp-content\\\/uploads\\\/2023\\\/05\\\/AGRISMART-INFO-DAY-BELGIUM-6.png\",\"datePublished\":\"2023-05-15T14:26:17+00:00\",\"dateModified\":\"2023-05-16T11:49:50+00:00\",\"breadcrumb\":{\"@id\":\"https:\\\/\\\/agri-smart.eu\\\/fr\\\/journee-dinformation-agrismart-innovela-belgique\\\/#breadcrumb\"},\"inLanguage\":\"fr-FR\",\"potentialAction\":[{\"@type\":\"ReadAction\",\"target\":[\"https:\\\/\\\/agri-smart.eu\\\/fr\\\/journee-dinformation-agrismart-innovela-belgique\\\/\"]}]},{\"@type\":\"ImageObject\",\"inLanguage\":\"fr-FR\",\"@id\":\"https:\\\/\\\/agri-smart.eu\\\/fr\\\/journee-dinformation-agrismart-innovela-belgique\\\/#primaryimage\",\"url\":\"https:\\\/\\\/agri-smart.eu\\\/wp-content\\\/uploads\\\/2023\\\/05\\\/AGRISMART-INFO-DAY-BELGIUM-6.png\",\"contentUrl\":\"https:\\\/\\\/agri-smart.eu\\\/wp-content\\\/uploads\\\/2023\\\/05\\\/AGRISMART-INFO-DAY-BELGIUM-6.png\",\"width\":1463,\"height\":489},{\"@type\":\"BreadcrumbList\",\"@id\":\"https:\\\/\\\/agri-smart.eu\\\/fr\\\/journee-dinformation-agrismart-innovela-belgique\\\/#breadcrumb\",\"itemListElement\":[{\"@type\":\"ListItem\",\"position\":1,\"name\":\"Home\",\"item\":\"https:\\\/\\\/agri-smart.eu\\\/fr\\\/le-projet\\\/\"},{\"@type\":\"ListItem\",\"position\":2,\"name\":\"Journ\u00e9e d&rsquo;information Agrismart Innovela, Belgique\"}]},{\"@type\":\"WebSite\",\"@id\":\"https:\\\/\\\/agri-smart.eu\\\/fr\\\/#website\",\"url\":\"https:\\\/\\\/agri-smart.eu\\\/fr\\\/\",\"name\":\"Agrismart project\",\"description\":\"Sustainability and Digital Skills for the Agriculture Sector\",\"publisher\":{\"@id\":\"https:\\\/\\\/agri-smart.eu\\\/fr\\\/#organization\"},\"potentialAction\":[{\"@type\":\"SearchAction\",\"target\":{\"@type\":\"EntryPoint\",\"urlTemplate\":\"https:\\\/\\\/agri-smart.eu\\\/fr\\\/?s={search_term_string}\"},\"query-input\":{\"@type\":\"PropertyValueSpecification\",\"valueRequired\":true,\"valueName\":\"search_term_string\"}}],\"inLanguage\":\"fr-FR\"},{\"@type\":\"Organization\",\"@id\":\"https:\\\/\\\/agri-smart.eu\\\/fr\\\/#organization\",\"name\":\"Agrismart project\",\"url\":\"https:\\\/\\\/agri-smart.eu\\\/fr\\\/\",\"logo\":{\"@type\":\"ImageObject\",\"inLanguage\":\"fr-FR\",\"@id\":\"https:\\\/\\\/agri-smart.eu\\\/fr\\\/#\\\/schema\\\/logo\\\/image\\\/\",\"url\":\"https:\\\/\\\/agri-smart.eu\\\/wp-content\\\/uploads\\\/2022\\\/12\\\/AgriSmart_logo_Final-1.png\",\"contentUrl\":\"https:\\\/\\\/agri-smart.eu\\\/wp-content\\\/uploads\\\/2022\\\/12\\\/AgriSmart_logo_Final-1.png\",\"width\":443,\"height\":438,\"caption\":\"Agrismart project\"},\"image\":{\"@id\":\"https:\\\/\\\/agri-smart.eu\\\/fr\\\/#\\\/schema\\\/logo\\\/image\\\/\"},\"sameAs\":[\"https:\\\/\\\/www.facebook.com\\\/AgriSmartErasmus\",\"https:\\\/\\\/x.com\\\/AgrismartEu\"]},{\"@type\":\"Person\",\"@id\":\"https:\\\/\\\/agri-smart.eu\\\/fr\\\/#\\\/schema\\\/person\\\/da71ecb996b5bab376cce217c28e1b06\",\"name\":\"Agrismart\",\"sameAs\":[\"https:\\\/\\\/agri-smart.eu\"],\"url\":\"https:\\\/\\\/agri-smart.eu\\\/fr\\\/author\\\/info_fm9s1bfs\\\/\"}]}<\/script>\n<!-- \/ Yoast SEO plugin. -->","yoast_head_json":{"title":"Journ\u00e9e d'information Agrismart Innovela, Belgique - Agrismart project","robots":{"index":"index","follow":"follow","max-snippet":"max-snippet:-1","max-image-preview":"max-image-preview:large","max-video-preview":"max-video-preview:-1"},"canonical":"https:\/\/agri-smart.eu\/fr\/journee-dinformation-agrismart-innovela-belgique\/","og_locale":"fr_FR","og_type":"article","og_title":"Journ\u00e9e d'information Agrismart Innovela, Belgique - Agrismart project","og_description":"La journ\u00e9e d&rsquo;information virtuelle organis\u00e9e par INNOVELA, le partenaire belge, le 21 avril 2023, a rassembl\u00e9 des participants de diverses cat\u00e9gories d&rsquo;acteurs, notamment des agriculteurs, des consultants, des enseignants d&rsquo;instituts et d&rsquo;\u00e9coles agricoles et des \u00e9ducateurs. L&rsquo;\u00e9v\u00e9nement a d\u00e9but\u00e9 par un accueil chaleureux de la directrice g\u00e9n\u00e9rale d&rsquo;INNOVELA, Athina Katsanou, suivi de pr\u00e9sentations informatives de &hellip; Lire la suite de\u00ab\u00a0Journ\u00e9e d&rsquo;information Agrismart Innovela, Belgique\u00a0\u00bb","og_url":"https:\/\/agri-smart.eu\/fr\/journee-dinformation-agrismart-innovela-belgique\/","og_site_name":"Agrismart project","article_publisher":"https:\/\/www.facebook.com\/AgriSmartErasmus","article_published_time":"2023-05-15T14:26:17+00:00","article_modified_time":"2023-05-16T11:49:50+00:00","og_image":[{"width":1463,"height":489,"url":"https:\/\/agri-smart.eu\/wp-content\/uploads\/2023\/05\/AGRISMART-INFO-DAY-BELGIUM-6.png","type":"image\/png"}],"author":"Agrismart","twitter_card":"summary_large_image","twitter_creator":"@AgrismartEu","twitter_site":"@AgrismartEu","twitter_misc":{"\u00c9crit par":"Agrismart","Dur\u00e9e de lecture estim\u00e9e":"1 minute"},"schema":{"@context":"https:\/\/schema.org","@graph":[{"@type":"Article","@id":"https:\/\/agri-smart.eu\/fr\/journee-dinformation-agrismart-innovela-belgique\/#article","isPartOf":{"@id":"https:\/\/agri-smart.eu\/fr\/journee-dinformation-agrismart-innovela-belgique\/"},"author":{"name":"Agrismart","@id":"https:\/\/agri-smart.eu\/fr\/#\/schema\/person\/da71ecb996b5bab376cce217c28e1b06"},"headline":"Journ\u00e9e d&rsquo;information Agrismart Innovela, Belgique","datePublished":"2023-05-15T14:26:17+00:00","dateModified":"2023-05-16T11:49:50+00:00","mainEntityOfPage":{"@id":"https:\/\/agri-smart.eu\/fr\/journee-dinformation-agrismart-innovela-belgique\/"},"wordCount":227,"publisher":{"@id":"https:\/\/agri-smart.eu\/fr\/#organization"},"image":{"@id":"https:\/\/agri-smart.eu\/fr\/journee-dinformation-agrismart-innovela-belgique\/#primaryimage"},"thumbnailUrl":"https:\/\/agri-smart.eu\/wp-content\/uploads\/2023\/05\/AGRISMART-INFO-DAY-BELGIUM-6.png","articleSection":["Non classifi\u00e9(e)"],"inLanguage":"fr-FR"},{"@type":"WebPage","@id":"https:\/\/agri-smart.eu\/fr\/journee-dinformation-agrismart-innovela-belgique\/","url":"https:\/\/agri-smart.eu\/fr\/journee-dinformation-agrismart-innovela-belgique\/","name":"Journ\u00e9e d'information Agrismart Innovela, Belgique - Agrismart project","isPartOf":{"@id":"https:\/\/agri-smart.eu\/fr\/#website"},"primaryImageOfPage":{"@id":"https:\/\/agri-smart.eu\/fr\/journee-dinformation-agrismart-innovela-belgique\/#primaryimage"},"image":{"@id":"https:\/\/agri-smart.eu\/fr\/journee-dinformation-agrismart-innovela-belgique\/#primaryimage"},"thumbnailUrl":"https:\/\/agri-smart.eu\/wp-content\/uploads\/2023\/05\/AGRISMART-INFO-DAY-BELGIUM-6.png","datePublished":"2023-05-15T14:26:17+00:00","dateModified":"2023-05-16T11:49:50+00:00","breadcrumb":{"@id":"https:\/\/agri-smart.eu\/fr\/journee-dinformation-agrismart-innovela-belgique\/#breadcrumb"},"inLanguage":"fr-FR","potentialAction":[{"@type":"ReadAction","target":["https:\/\/agri-smart.eu\/fr\/journee-dinformation-agrismart-innovela-belgique\/"]}]},{"@type":"ImageObject","inLanguage":"fr-FR","@id":"https:\/\/agri-smart.eu\/fr\/journee-dinformation-agrismart-innovela-belgique\/#primaryimage","url":"https:\/\/agri-smart.eu\/wp-content\/uploads\/2023\/05\/AGRISMART-INFO-DAY-BELGIUM-6.png","contentUrl":"https:\/\/agri-smart.eu\/wp-content\/uploads\/2023\/05\/AGRISMART-INFO-DAY-BELGIUM-6.png","width":1463,"height":489},{"@type":"BreadcrumbList","@id":"https:\/\/agri-smart.eu\/fr\/journee-dinformation-agrismart-innovela-belgique\/#breadcrumb","itemListElement":[{"@type":"ListItem","position":1,"name":"Home","item":"https:\/\/agri-smart.eu\/fr\/le-projet\/"},{"@type":"ListItem","position":2,"name":"Journ\u00e9e d&rsquo;information Agrismart Innovela, Belgique"}]},{"@type":"WebSite","@id":"https:\/\/agri-smart.eu\/fr\/#website","url":"https:\/\/agri-smart.eu\/fr\/","name":"Agrismart project","description":"Sustainability and Digital Skills for the Agriculture Sector","publisher":{"@id":"https:\/\/agri-smart.eu\/fr\/#organization"},"potentialAction":[{"@type":"SearchAction","target":{"@type":"EntryPoint","urlTemplate":"https:\/\/agri-smart.eu\/fr\/?s={search_term_string}"},"query-input":{"@type":"PropertyValueSpecification","valueRequired":true,"valueName":"search_term_string"}}],"inLanguage":"fr-FR"},{"@type":"Organization","@id":"https:\/\/agri-smart.eu\/fr\/#organization","name":"Agrismart project","url":"https:\/\/agri-smart.eu\/fr\/","logo":{"@type":"ImageObject","inLanguage":"fr-FR","@id":"https:\/\/agri-smart.eu\/fr\/#\/schema\/logo\/image\/","url":"https:\/\/agri-smart.eu\/wp-content\/uploads\/2022\/12\/AgriSmart_logo_Final-1.png","contentUrl":"https:\/\/agri-smart.eu\/wp-content\/uploads\/2022\/12\/AgriSmart_logo_Final-1.png","width":443,"height":438,"caption":"Agrismart project"},"image":{"@id":"https:\/\/agri-smart.eu\/fr\/#\/schema\/logo\/image\/"},"sameAs":["https:\/\/www.facebook.com\/AgriSmartErasmus","https:\/\/x.com\/AgrismartEu"]},{"@type":"Person","@id":"https:\/\/agri-smart.eu\/fr\/#\/schema\/person\/da71ecb996b5bab376cce217c28e1b06","name":"Agrismart","sameAs":["https:\/\/agri-smart.eu"],"url":"https:\/\/agri-smart.eu\/fr\/author\/info_fm9s1bfs\/"}]}},"jetpack_featured_media_url":"https:\/\/agri-smart.eu\/wp-content\/uploads\/2023\/05\/AGRISMART-INFO-DAY-BELGIUM-6.png","featured_media_urls":{"thumbnail":["https:\/\/agri-smart.eu\/wp-content\/uploads\/2023\/05\/AGRISMART-INFO-DAY-BELGIUM-6-150x150.png",150,150,true],"medium":["https:\/\/agri-smart.eu\/wp-content\/uploads\/2023\/05\/AGRISMART-INFO-DAY-BELGIUM-6-300x100.png",300,100,true],"medium_large":["https:\/\/agri-smart.eu\/wp-content\/uploads\/2023\/05\/AGRISMART-INFO-DAY-BELGIUM-6-768x257.png",768,257,true],"large":["https:\/\/agri-smart.eu\/wp-content\/uploads\/2023\/05\/AGRISMART-INFO-DAY-BELGIUM-6-1024x342.png",950,317,true],"1536x1536":["https:\/\/agri-smart.eu\/wp-content\/uploads\/2023\/05\/AGRISMART-INFO-DAY-BELGIUM-6.png",1463,489,false],"2048x2048":["https:\/\/agri-smart.eu\/wp-content\/uploads\/2023\/05\/AGRISMART-INFO-DAY-BELGIUM-6.png",1463,489,false],"inspiro-featured-image":["https:\/\/agri-smart.eu\/wp-content\/uploads\/2023\/05\/AGRISMART-INFO-DAY-BELGIUM-6.png",1463,489,false],"inspiro-loop":["https:\/\/agri-smart.eu\/wp-content\/uploads\/2023\/05\/AGRISMART-INFO-DAY-BELGIUM-6-950x320.png",950,320,true],"inspiro-loop@2x":["https:\/\/agri-smart.eu\/wp-content\/uploads\/2023\/05\/AGRISMART-INFO-DAY-BELGIUM-6.png",1463,489,false],"portfolio_item-thumbnail":["https:\/\/agri-smart.eu\/wp-content\/uploads\/2023\/05\/AGRISMART-INFO-DAY-BELGIUM-6-600x400.png",600,400,true],"portfolio_item-thumbnail@2x":["https:\/\/agri-smart.eu\/wp-content\/uploads\/2023\/05\/AGRISMART-INFO-DAY-BELGIUM-6-1200x489.png",1200,489,true],"portfolio_item-masonry":["https:\/\/agri-smart.eu\/wp-content\/uploads\/2023\/05\/AGRISMART-INFO-DAY-BELGIUM-6-600x201.png",600,201,true],"portfolio_item-masonry@2x":["https:\/\/agri-smart.eu\/wp-content\/uploads\/2023\/05\/AGRISMART-INFO-DAY-BELGIUM-6-1200x401.png",1200,401,true],"portfolio_item-thumbnail_cinema":["https:\/\/agri-smart.eu\/wp-content\/uploads\/2023\/05\/AGRISMART-INFO-DAY-BELGIUM-6-800x335.png",800,335,true],"portfolio_item-thumbnail_portrait":["https:\/\/agri-smart.eu\/wp-content\/uploads\/2023\/05\/AGRISMART-INFO-DAY-BELGIUM-6-600x489.png",600,489,true],"portfolio_item-thumbnail_portrait@2x":["https:\/\/agri-smart.eu\/wp-content\/uploads\/2023\/05\/AGRISMART-INFO-DAY-BELGIUM-6-1200x489.png",1200,489,true],"portfolio_item-thumbnail_square":["https:\/\/agri-smart.eu\/wp-content\/uploads\/2023\/05\/AGRISMART-INFO-DAY-BELGIUM-6-800x489.png",800,489,true]},"_links":{"self":[{"href":"https:\/\/agri-smart.eu\/fr\/wp-json\/wp\/v2\/posts\/15960","targetHints":{"allow":["GET"]}}],"collection":[{"href":"https:\/\/agri-smart.eu\/fr\/wp-json\/wp\/v2\/posts"}],"about":[{"href":"https:\/\/agri-smart.eu\/fr\/wp-json\/wp\/v2\/types\/post"}],"author":[{"embeddable":true,"href":"https:\/\/agri-smart.eu\/fr\/wp-json\/wp\/v2\/users\/1"}],"replies":[{"embeddable":true,"href":"https:\/\/agri-smart.eu\/fr\/wp-json\/wp\/v2\/comments?post=15960"}],"version-history":[{"count":1,"href":"https:\/\/agri-smart.eu\/fr\/wp-json\/wp\/v2\/posts\/15960\/revisions"}],"predecessor-version":[{"id":15961,"href":"https:\/\/agri-smart.eu\/fr\/wp-json\/wp\/v2\/posts\/15960\/revisions\/15961"}],"wp:featuredmedia":[{"embeddable":true,"href":"https:\/\/agri-smart.eu\/fr\/wp-json\/wp\/v2\/media\/15825"}],"wp:attachment":[{"href":"https:\/\/agri-smart.eu\/fr\/wp-json\/wp\/v2\/media?parent=15960"}],"wp:term":[{"taxonomy":"category","embeddable":true,"href":"https:\/\/agri-smart.eu\/fr\/wp-json\/wp\/v2\/categories?post=15960"},{"taxonomy":"post_tag","embeddable":true,"href":"https:\/\/agri-smart.eu\/fr\/wp-json\/wp\/v2\/tags?post=15960"}],"curies":[{"name":"wp","href":"https:\/\/api.w.org\/{rel}","templated":true}]}}