{"id":15946,"date":"2023-05-15T14:18:53","date_gmt":"2023-05-15T14:18:53","guid":{"rendered":"https:\/\/agri-smart.eu\/journee-dinformation-agrismart-arid-pologne\/"},"modified":"2023-05-16T11:42:33","modified_gmt":"2023-05-16T11:42:33","slug":"journee-dinformation-agrismart-arid-pologne","status":"publish","type":"post","link":"https:\/\/agri-smart.eu\/fr\/journee-dinformation-agrismart-arid-pologne\/","title":{"rendered":"Journ\u00e9e d&rsquo;information Agrismart Arid, Pologne"},"content":{"rendered":"\n<p>L&rsquo;association ARID en Pologne a organis\u00e9 avec succ\u00e8s une journ\u00e9e d&rsquo;information le 23.02.2023 \u00e0 Luborzyca, \u00e0 laquelle ont assist\u00e9 55 participants, dont des agriculteurs, des conseillers, des directeurs d&rsquo;instituts de recherche et d&rsquo;\u00e9coles, et des \u00e9ducateurs. L&rsquo;\u00e9v\u00e9nement comprenait des pr\u00e9sentations du projet Agrismart, de ses r\u00e9sultats et des unit\u00e9s d&rsquo;apprentissage sp\u00e9cifiques, suivies de discussions et de la signature de la d\u00e9claration de soutien. Les r\u00e9actions des participants ont \u00e9t\u00e9 extr\u00eamement positives, la plupart d&rsquo;entre eux indiquant que l&rsquo;environnement, l&rsquo;utilisation des langues et les possibilit\u00e9s de discussion \u00e9taient appropri\u00e9s et b\u00e9n\u00e9fiques. Cependant, certaines parties prenantes ont recommand\u00e9 que des formations sur la num\u00e9risation de leur lieu de travail soient organis\u00e9es, et que davantage d&rsquo;informations soient donn\u00e9es sur les r\u00e9glementations de l&rsquo;UE et la PAC, en particulier parmi les jeunes g\u00e9n\u00e9rations. Le d\u00e9fi en Pologne est de convaincre les g\u00e9n\u00e9rations plus \u00e2g\u00e9es de d\u00e9velopper de nouvelles comp\u00e9tences en termes de durabilit\u00e9 et de num\u00e9risation, mais dans l&rsquo;ensemble, la journ\u00e9e d&rsquo;information a \u00e9t\u00e9 un succ\u00e8s pour la promotion du projet Agrismart et l&rsquo;am\u00e9lioration des comp\u00e9tences climato-intelligentes et num\u00e9riques dans le secteur agricole.    <\/p>\n","protected":false},"excerpt":{"rendered":"<p>L&rsquo;association ARID en Pologne a organis\u00e9 avec succ\u00e8s une journ\u00e9e d&rsquo;information le 23.02.2023 \u00e0 Luborzyca, \u00e0 laquelle ont assist\u00e9 55 participants, dont des agriculteurs, des conseillers, des directeurs d&rsquo;instituts de recherche et d&rsquo;\u00e9coles, et des \u00e9ducateurs. L&rsquo;\u00e9v\u00e9nement comprenait des pr\u00e9sentations du projet Agrismart, de ses r\u00e9sultats et des unit\u00e9s d&rsquo;apprentissage sp\u00e9cifiques, suivies de discussions et &hellip; <\/p>\n<p class=\"link-more\"><a href=\"https:\/\/agri-smart.eu\/fr\/journee-dinformation-agrismart-arid-pologne\/\" class=\"more-link\">Lire la suite de<span class=\"screen-reader-text\">\u00ab\u00a0Journ\u00e9e d&rsquo;information Agrismart Arid, Pologne\u00a0\u00bb<\/span><\/a><\/p>\n","protected":false},"author":1,"featured_media":15718,"comment_status":"closed","ping_status":"closed","sticky":false,"template":"","format":"standard","meta":{"footnotes":""},"categories":[6],"tags":[],"class_list":["post-15946","post","type-post","status-publish","format-standard","has-post-thumbnail","hentry","category-non-classifiee"],"yoast_head":"<!-- This site is optimized with the Yoast SEO plugin v27.5 - https:\/\/yoast.com\/product\/yoast-seo-wordpress\/ -->\n<title>Journ\u00e9e d&#039;information Agrismart Arid, Pologne - Agrismart project<\/title>\n<meta name=\"robots\" content=\"index, follow, max-snippet:-1, max-image-preview:large, max-video-preview:-1\" \/>\n<link rel=\"canonical\" href=\"https:\/\/agri-smart.eu\/fr\/journee-dinformation-agrismart-arid-pologne\/\" \/>\n<meta property=\"og:locale\" content=\"fr_FR\" \/>\n<meta property=\"og:type\" content=\"article\" \/>\n<meta property=\"og:title\" content=\"Journ\u00e9e d&#039;information Agrismart Arid, Pologne - Agrismart project\" \/>\n<meta property=\"og:description\" content=\"L&rsquo;association ARID en Pologne a organis\u00e9 avec succ\u00e8s une journ\u00e9e d&rsquo;information le 23.02.2023 \u00e0 Luborzyca, \u00e0 laquelle ont assist\u00e9 55 participants, dont des agriculteurs, des conseillers, des directeurs d&rsquo;instituts de recherche et d&rsquo;\u00e9coles, et des \u00e9ducateurs. L&rsquo;\u00e9v\u00e9nement comprenait des pr\u00e9sentations du projet Agrismart, de ses r\u00e9sultats et des unit\u00e9s d&rsquo;apprentissage sp\u00e9cifiques, suivies de discussions et &hellip; Lire la suite de\u00ab\u00a0Journ\u00e9e d&rsquo;information Agrismart Arid, Pologne\u00a0\u00bb\" \/>\n<meta property=\"og:url\" content=\"https:\/\/agri-smart.eu\/fr\/journee-dinformation-agrismart-arid-pologne\/\" \/>\n<meta property=\"og:site_name\" content=\"Agrismart project\" \/>\n<meta property=\"article:publisher\" content=\"https:\/\/www.facebook.com\/AgriSmartErasmus\" \/>\n<meta property=\"article:published_time\" content=\"2023-05-15T14:18:53+00:00\" \/>\n<meta property=\"article:modified_time\" content=\"2023-05-16T11:42:33+00:00\" \/>\n<meta property=\"og:image\" content=\"https:\/\/agri-smart.eu\/wp-content\/uploads\/2023\/05\/AGRISMART-INFO-DAY-POLAND.jpeg\" \/>\n\t<meta property=\"og:image:width\" content=\"2048\" \/>\n\t<meta property=\"og:image:height\" content=\"1536\" \/>\n\t<meta property=\"og:image:type\" content=\"image\/jpeg\" \/>\n<meta name=\"author\" content=\"Agrismart\" \/>\n<meta name=\"twitter:card\" content=\"summary_large_image\" \/>\n<meta name=\"twitter:creator\" content=\"@AgrismartEu\" \/>\n<meta name=\"twitter:site\" content=\"@AgrismartEu\" \/>\n<meta name=\"twitter:label1\" content=\"\u00c9crit par\" \/>\n\t<meta name=\"twitter:data1\" content=\"Agrismart\" \/>\n\t<meta name=\"twitter:label2\" content=\"Dur\u00e9e de lecture estim\u00e9e\" \/>\n\t<meta name=\"twitter:data2\" content=\"1 minute\" \/>\n<script type=\"application\/ld+json\" class=\"yoast-schema-graph\">{\"@context\":\"https:\\\/\\\/schema.org\",\"@graph\":[{\"@type\":\"Article\",\"@id\":\"https:\\\/\\\/agri-smart.eu\\\/fr\\\/journee-dinformation-agrismart-arid-pologne\\\/#article\",\"isPartOf\":{\"@id\":\"https:\\\/\\\/agri-smart.eu\\\/fr\\\/journee-dinformation-agrismart-arid-pologne\\\/\"},\"author\":{\"name\":\"Agrismart\",\"@id\":\"https:\\\/\\\/agri-smart.eu\\\/fr\\\/#\\\/schema\\\/person\\\/da71ecb996b5bab376cce217c28e1b06\"},\"headline\":\"Journ\u00e9e d&rsquo;information Agrismart Arid, Pologne\",\"datePublished\":\"2023-05-15T14:18:53+00:00\",\"dateModified\":\"2023-05-16T11:42:33+00:00\",\"mainEntityOfPage\":{\"@id\":\"https:\\\/\\\/agri-smart.eu\\\/fr\\\/journee-dinformation-agrismart-arid-pologne\\\/\"},\"wordCount\":228,\"publisher\":{\"@id\":\"https:\\\/\\\/agri-smart.eu\\\/fr\\\/#organization\"},\"image\":{\"@id\":\"https:\\\/\\\/agri-smart.eu\\\/fr\\\/journee-dinformation-agrismart-arid-pologne\\\/#primaryimage\"},\"thumbnailUrl\":\"https:\\\/\\\/agri-smart.eu\\\/wp-content\\\/uploads\\\/2023\\\/05\\\/AGRISMART-INFO-DAY-POLAND.jpeg\",\"articleSection\":[\"Non classifi\u00e9(e)\"],\"inLanguage\":\"fr-FR\"},{\"@type\":\"WebPage\",\"@id\":\"https:\\\/\\\/agri-smart.eu\\\/fr\\\/journee-dinformation-agrismart-arid-pologne\\\/\",\"url\":\"https:\\\/\\\/agri-smart.eu\\\/fr\\\/journee-dinformation-agrismart-arid-pologne\\\/\",\"name\":\"Journ\u00e9e d'information Agrismart Arid, Pologne - Agrismart project\",\"isPartOf\":{\"@id\":\"https:\\\/\\\/agri-smart.eu\\\/fr\\\/#website\"},\"primaryImageOfPage\":{\"@id\":\"https:\\\/\\\/agri-smart.eu\\\/fr\\\/journee-dinformation-agrismart-arid-pologne\\\/#primaryimage\"},\"image\":{\"@id\":\"https:\\\/\\\/agri-smart.eu\\\/fr\\\/journee-dinformation-agrismart-arid-pologne\\\/#primaryimage\"},\"thumbnailUrl\":\"https:\\\/\\\/agri-smart.eu\\\/wp-content\\\/uploads\\\/2023\\\/05\\\/AGRISMART-INFO-DAY-POLAND.jpeg\",\"datePublished\":\"2023-05-15T14:18:53+00:00\",\"dateModified\":\"2023-05-16T11:42:33+00:00\",\"breadcrumb\":{\"@id\":\"https:\\\/\\\/agri-smart.eu\\\/fr\\\/journee-dinformation-agrismart-arid-pologne\\\/#breadcrumb\"},\"inLanguage\":\"fr-FR\",\"potentialAction\":[{\"@type\":\"ReadAction\",\"target\":[\"https:\\\/\\\/agri-smart.eu\\\/fr\\\/journee-dinformation-agrismart-arid-pologne\\\/\"]}]},{\"@type\":\"ImageObject\",\"inLanguage\":\"fr-FR\",\"@id\":\"https:\\\/\\\/agri-smart.eu\\\/fr\\\/journee-dinformation-agrismart-arid-pologne\\\/#primaryimage\",\"url\":\"https:\\\/\\\/agri-smart.eu\\\/wp-content\\\/uploads\\\/2023\\\/05\\\/AGRISMART-INFO-DAY-POLAND.jpeg\",\"contentUrl\":\"https:\\\/\\\/agri-smart.eu\\\/wp-content\\\/uploads\\\/2023\\\/05\\\/AGRISMART-INFO-DAY-POLAND.jpeg\",\"width\":2048,\"height\":1536},{\"@type\":\"BreadcrumbList\",\"@id\":\"https:\\\/\\\/agri-smart.eu\\\/fr\\\/journee-dinformation-agrismart-arid-pologne\\\/#breadcrumb\",\"itemListElement\":[{\"@type\":\"ListItem\",\"position\":1,\"name\":\"Home\",\"item\":\"https:\\\/\\\/agri-smart.eu\\\/fr\\\/le-projet\\\/\"},{\"@type\":\"ListItem\",\"position\":2,\"name\":\"Journ\u00e9e d&rsquo;information Agrismart Arid, Pologne\"}]},{\"@type\":\"WebSite\",\"@id\":\"https:\\\/\\\/agri-smart.eu\\\/fr\\\/#website\",\"url\":\"https:\\\/\\\/agri-smart.eu\\\/fr\\\/\",\"name\":\"Agrismart project\",\"description\":\"Sustainability and Digital Skills for the Agriculture Sector\",\"publisher\":{\"@id\":\"https:\\\/\\\/agri-smart.eu\\\/fr\\\/#organization\"},\"potentialAction\":[{\"@type\":\"SearchAction\",\"target\":{\"@type\":\"EntryPoint\",\"urlTemplate\":\"https:\\\/\\\/agri-smart.eu\\\/fr\\\/?s={search_term_string}\"},\"query-input\":{\"@type\":\"PropertyValueSpecification\",\"valueRequired\":true,\"valueName\":\"search_term_string\"}}],\"inLanguage\":\"fr-FR\"},{\"@type\":\"Organization\",\"@id\":\"https:\\\/\\\/agri-smart.eu\\\/fr\\\/#organization\",\"name\":\"Agrismart project\",\"url\":\"https:\\\/\\\/agri-smart.eu\\\/fr\\\/\",\"logo\":{\"@type\":\"ImageObject\",\"inLanguage\":\"fr-FR\",\"@id\":\"https:\\\/\\\/agri-smart.eu\\\/fr\\\/#\\\/schema\\\/logo\\\/image\\\/\",\"url\":\"https:\\\/\\\/agri-smart.eu\\\/wp-content\\\/uploads\\\/2022\\\/12\\\/AgriSmart_logo_Final-1.png\",\"contentUrl\":\"https:\\\/\\\/agri-smart.eu\\\/wp-content\\\/uploads\\\/2022\\\/12\\\/AgriSmart_logo_Final-1.png\",\"width\":443,\"height\":438,\"caption\":\"Agrismart project\"},\"image\":{\"@id\":\"https:\\\/\\\/agri-smart.eu\\\/fr\\\/#\\\/schema\\\/logo\\\/image\\\/\"},\"sameAs\":[\"https:\\\/\\\/www.facebook.com\\\/AgriSmartErasmus\",\"https:\\\/\\\/x.com\\\/AgrismartEu\"]},{\"@type\":\"Person\",\"@id\":\"https:\\\/\\\/agri-smart.eu\\\/fr\\\/#\\\/schema\\\/person\\\/da71ecb996b5bab376cce217c28e1b06\",\"name\":\"Agrismart\",\"sameAs\":[\"https:\\\/\\\/agri-smart.eu\"],\"url\":\"https:\\\/\\\/agri-smart.eu\\\/fr\\\/author\\\/info_fm9s1bfs\\\/\"}]}<\/script>\n<!-- \/ Yoast SEO plugin. -->","yoast_head_json":{"title":"Journ\u00e9e d'information Agrismart Arid, Pologne - Agrismart project","robots":{"index":"index","follow":"follow","max-snippet":"max-snippet:-1","max-image-preview":"max-image-preview:large","max-video-preview":"max-video-preview:-1"},"canonical":"https:\/\/agri-smart.eu\/fr\/journee-dinformation-agrismart-arid-pologne\/","og_locale":"fr_FR","og_type":"article","og_title":"Journ\u00e9e d'information Agrismart Arid, Pologne - Agrismart project","og_description":"L&rsquo;association ARID en Pologne a organis\u00e9 avec succ\u00e8s une journ\u00e9e d&rsquo;information le 23.02.2023 \u00e0 Luborzyca, \u00e0 laquelle ont assist\u00e9 55 participants, dont des agriculteurs, des conseillers, des directeurs d&rsquo;instituts de recherche et d&rsquo;\u00e9coles, et des \u00e9ducateurs. L&rsquo;\u00e9v\u00e9nement comprenait des pr\u00e9sentations du projet Agrismart, de ses r\u00e9sultats et des unit\u00e9s d&rsquo;apprentissage sp\u00e9cifiques, suivies de discussions et &hellip; Lire la suite de\u00ab\u00a0Journ\u00e9e d&rsquo;information Agrismart Arid, Pologne\u00a0\u00bb","og_url":"https:\/\/agri-smart.eu\/fr\/journee-dinformation-agrismart-arid-pologne\/","og_site_name":"Agrismart project","article_publisher":"https:\/\/www.facebook.com\/AgriSmartErasmus","article_published_time":"2023-05-15T14:18:53+00:00","article_modified_time":"2023-05-16T11:42:33+00:00","og_image":[{"width":2048,"height":1536,"url":"https:\/\/agri-smart.eu\/wp-content\/uploads\/2023\/05\/AGRISMART-INFO-DAY-POLAND.jpeg","type":"image\/jpeg"}],"author":"Agrismart","twitter_card":"summary_large_image","twitter_creator":"@AgrismartEu","twitter_site":"@AgrismartEu","twitter_misc":{"\u00c9crit par":"Agrismart","Dur\u00e9e de lecture estim\u00e9e":"1 minute"},"schema":{"@context":"https:\/\/schema.org","@graph":[{"@type":"Article","@id":"https:\/\/agri-smart.eu\/fr\/journee-dinformation-agrismart-arid-pologne\/#article","isPartOf":{"@id":"https:\/\/agri-smart.eu\/fr\/journee-dinformation-agrismart-arid-pologne\/"},"author":{"name":"Agrismart","@id":"https:\/\/agri-smart.eu\/fr\/#\/schema\/person\/da71ecb996b5bab376cce217c28e1b06"},"headline":"Journ\u00e9e d&rsquo;information Agrismart Arid, Pologne","datePublished":"2023-05-15T14:18:53+00:00","dateModified":"2023-05-16T11:42:33+00:00","mainEntityOfPage":{"@id":"https:\/\/agri-smart.eu\/fr\/journee-dinformation-agrismart-arid-pologne\/"},"wordCount":228,"publisher":{"@id":"https:\/\/agri-smart.eu\/fr\/#organization"},"image":{"@id":"https:\/\/agri-smart.eu\/fr\/journee-dinformation-agrismart-arid-pologne\/#primaryimage"},"thumbnailUrl":"https:\/\/agri-smart.eu\/wp-content\/uploads\/2023\/05\/AGRISMART-INFO-DAY-POLAND.jpeg","articleSection":["Non classifi\u00e9(e)"],"inLanguage":"fr-FR"},{"@type":"WebPage","@id":"https:\/\/agri-smart.eu\/fr\/journee-dinformation-agrismart-arid-pologne\/","url":"https:\/\/agri-smart.eu\/fr\/journee-dinformation-agrismart-arid-pologne\/","name":"Journ\u00e9e d'information Agrismart Arid, Pologne - Agrismart project","isPartOf":{"@id":"https:\/\/agri-smart.eu\/fr\/#website"},"primaryImageOfPage":{"@id":"https:\/\/agri-smart.eu\/fr\/journee-dinformation-agrismart-arid-pologne\/#primaryimage"},"image":{"@id":"https:\/\/agri-smart.eu\/fr\/journee-dinformation-agrismart-arid-pologne\/#primaryimage"},"thumbnailUrl":"https:\/\/agri-smart.eu\/wp-content\/uploads\/2023\/05\/AGRISMART-INFO-DAY-POLAND.jpeg","datePublished":"2023-05-15T14:18:53+00:00","dateModified":"2023-05-16T11:42:33+00:00","breadcrumb":{"@id":"https:\/\/agri-smart.eu\/fr\/journee-dinformation-agrismart-arid-pologne\/#breadcrumb"},"inLanguage":"fr-FR","potentialAction":[{"@type":"ReadAction","target":["https:\/\/agri-smart.eu\/fr\/journee-dinformation-agrismart-arid-pologne\/"]}]},{"@type":"ImageObject","inLanguage":"fr-FR","@id":"https:\/\/agri-smart.eu\/fr\/journee-dinformation-agrismart-arid-pologne\/#primaryimage","url":"https:\/\/agri-smart.eu\/wp-content\/uploads\/2023\/05\/AGRISMART-INFO-DAY-POLAND.jpeg","contentUrl":"https:\/\/agri-smart.eu\/wp-content\/uploads\/2023\/05\/AGRISMART-INFO-DAY-POLAND.jpeg","width":2048,"height":1536},{"@type":"BreadcrumbList","@id":"https:\/\/agri-smart.eu\/fr\/journee-dinformation-agrismart-arid-pologne\/#breadcrumb","itemListElement":[{"@type":"ListItem","position":1,"name":"Home","item":"https:\/\/agri-smart.eu\/fr\/le-projet\/"},{"@type":"ListItem","position":2,"name":"Journ\u00e9e d&rsquo;information Agrismart Arid, Pologne"}]},{"@type":"WebSite","@id":"https:\/\/agri-smart.eu\/fr\/#website","url":"https:\/\/agri-smart.eu\/fr\/","name":"Agrismart project","description":"Sustainability and Digital Skills for the Agriculture Sector","publisher":{"@id":"https:\/\/agri-smart.eu\/fr\/#organization"},"potentialAction":[{"@type":"SearchAction","target":{"@type":"EntryPoint","urlTemplate":"https:\/\/agri-smart.eu\/fr\/?s={search_term_string}"},"query-input":{"@type":"PropertyValueSpecification","valueRequired":true,"valueName":"search_term_string"}}],"inLanguage":"fr-FR"},{"@type":"Organization","@id":"https:\/\/agri-smart.eu\/fr\/#organization","name":"Agrismart project","url":"https:\/\/agri-smart.eu\/fr\/","logo":{"@type":"ImageObject","inLanguage":"fr-FR","@id":"https:\/\/agri-smart.eu\/fr\/#\/schema\/logo\/image\/","url":"https:\/\/agri-smart.eu\/wp-content\/uploads\/2022\/12\/AgriSmart_logo_Final-1.png","contentUrl":"https:\/\/agri-smart.eu\/wp-content\/uploads\/2022\/12\/AgriSmart_logo_Final-1.png","width":443,"height":438,"caption":"Agrismart project"},"image":{"@id":"https:\/\/agri-smart.eu\/fr\/#\/schema\/logo\/image\/"},"sameAs":["https:\/\/www.facebook.com\/AgriSmartErasmus","https:\/\/x.com\/AgrismartEu"]},{"@type":"Person","@id":"https:\/\/agri-smart.eu\/fr\/#\/schema\/person\/da71ecb996b5bab376cce217c28e1b06","name":"Agrismart","sameAs":["https:\/\/agri-smart.eu"],"url":"https:\/\/agri-smart.eu\/fr\/author\/info_fm9s1bfs\/"}]}},"jetpack_featured_media_url":"https:\/\/agri-smart.eu\/wp-content\/uploads\/2023\/05\/AGRISMART-INFO-DAY-POLAND.jpeg","featured_media_urls":{"thumbnail":["https:\/\/agri-smart.eu\/wp-content\/uploads\/2023\/05\/AGRISMART-INFO-DAY-POLAND-150x150.jpeg",150,150,true],"medium":["https:\/\/agri-smart.eu\/wp-content\/uploads\/2023\/05\/AGRISMART-INFO-DAY-POLAND-300x225.jpeg",300,225,true],"medium_large":["https:\/\/agri-smart.eu\/wp-content\/uploads\/2023\/05\/AGRISMART-INFO-DAY-POLAND-768x576.jpeg",768,576,true],"large":["https:\/\/agri-smart.eu\/wp-content\/uploads\/2023\/05\/AGRISMART-INFO-DAY-POLAND-1024x768.jpeg",950,713,true],"1536x1536":["https:\/\/agri-smart.eu\/wp-content\/uploads\/2023\/05\/AGRISMART-INFO-DAY-POLAND-1536x1152.jpeg",1536,1152,true],"2048x2048":["https:\/\/agri-smart.eu\/wp-content\/uploads\/2023\/05\/AGRISMART-INFO-DAY-POLAND.jpeg",2048,1536,false],"inspiro-featured-image":["https:\/\/agri-smart.eu\/wp-content\/uploads\/2023\/05\/AGRISMART-INFO-DAY-POLAND-2000x1500.jpeg",2000,1500,true],"inspiro-loop":["https:\/\/agri-smart.eu\/wp-content\/uploads\/2023\/05\/AGRISMART-INFO-DAY-POLAND-950x320.jpeg",950,320,true],"inspiro-loop@2x":["https:\/\/agri-smart.eu\/wp-content\/uploads\/2023\/05\/AGRISMART-INFO-DAY-POLAND-1900x640.jpeg",1900,640,true],"portfolio_item-thumbnail":["https:\/\/agri-smart.eu\/wp-content\/uploads\/2023\/05\/AGRISMART-INFO-DAY-POLAND-600x400.jpeg",600,400,true],"portfolio_item-thumbnail@2x":["https:\/\/agri-smart.eu\/wp-content\/uploads\/2023\/05\/AGRISMART-INFO-DAY-POLAND-1200x800.jpeg",1200,800,true],"portfolio_item-masonry":["https:\/\/agri-smart.eu\/wp-content\/uploads\/2023\/05\/AGRISMART-INFO-DAY-POLAND-600x450.jpeg",600,450,true],"portfolio_item-masonry@2x":["https:\/\/agri-smart.eu\/wp-content\/uploads\/2023\/05\/AGRISMART-INFO-DAY-POLAND-1200x900.jpeg",1200,900,true],"portfolio_item-thumbnail_cinema":["https:\/\/agri-smart.eu\/wp-content\/uploads\/2023\/05\/AGRISMART-INFO-DAY-POLAND-800x335.jpeg",800,335,true],"portfolio_item-thumbnail_portrait":["https:\/\/agri-smart.eu\/wp-content\/uploads\/2023\/05\/AGRISMART-INFO-DAY-POLAND-600x900.jpeg",600,900,true],"portfolio_item-thumbnail_portrait@2x":["https:\/\/agri-smart.eu\/wp-content\/uploads\/2023\/05\/AGRISMART-INFO-DAY-POLAND-1200x1536.jpeg",1200,1536,true],"portfolio_item-thumbnail_square":["https:\/\/agri-smart.eu\/wp-content\/uploads\/2023\/05\/AGRISMART-INFO-DAY-POLAND-800x800.jpeg",800,800,true]},"_links":{"self":[{"href":"https:\/\/agri-smart.eu\/fr\/wp-json\/wp\/v2\/posts\/15946","targetHints":{"allow":["GET"]}}],"collection":[{"href":"https:\/\/agri-smart.eu\/fr\/wp-json\/wp\/v2\/posts"}],"about":[{"href":"https:\/\/agri-smart.eu\/fr\/wp-json\/wp\/v2\/types\/post"}],"author":[{"embeddable":true,"href":"https:\/\/agri-smart.eu\/fr\/wp-json\/wp\/v2\/users\/1"}],"replies":[{"embeddable":true,"href":"https:\/\/agri-smart.eu\/fr\/wp-json\/wp\/v2\/comments?post=15946"}],"version-history":[{"count":1,"href":"https:\/\/agri-smart.eu\/fr\/wp-json\/wp\/v2\/posts\/15946\/revisions"}],"predecessor-version":[{"id":15947,"href":"https:\/\/agri-smart.eu\/fr\/wp-json\/wp\/v2\/posts\/15946\/revisions\/15947"}],"wp:featuredmedia":[{"embeddable":true,"href":"https:\/\/agri-smart.eu\/fr\/wp-json\/wp\/v2\/media\/15718"}],"wp:attachment":[{"href":"https:\/\/agri-smart.eu\/fr\/wp-json\/wp\/v2\/media?parent=15946"}],"wp:term":[{"taxonomy":"category","embeddable":true,"href":"https:\/\/agri-smart.eu\/fr\/wp-json\/wp\/v2\/categories?post=15946"},{"taxonomy":"post_tag","embeddable":true,"href":"https:\/\/agri-smart.eu\/fr\/wp-json\/wp\/v2\/tags?post=15946"}],"curies":[{"name":"wp","href":"https:\/\/api.w.org\/{rel}","templated":true}]}}